{"id":453,"date":"2022-05-23T20:15:00","date_gmt":"2022-05-23T19:15:00","guid":{"rendered":"https:\/\/www.lesprojetsdumercredi.be\/odyssee\/?p=453"},"modified":"2022-06-27T20:18:50","modified_gmt":"2022-06-27T19:18:50","slug":"excursion-a-bruxelles","status":"publish","type":"post","link":"https:\/\/www.lesprojetsdumercredi.be\/odyssee\/2022\/05\/23\/excursion-a-bruxelles\/","title":{"rendered":"Excursion \u00e0 Bruxelles"},"content":{"rendered":"\n<p>Le lundi 23 mai, nous nous sommes rendus \u00e0 Bruxelles avec toute l\u2019\u00e9quipe de l\u2019Odyss\u00e9e.<\/p>\n\n\n\n<p>Ce fut une journ\u00e9e riche en \u00e9motions&nbsp;: voyage en train, d\u00e9couverte du Mont des Arts sous la forme d\u2019un jeu original, fl\u00e2neries dans les rues de Bruxelles, visite du d\u00e9p\u00f4t l\u00e9gal et repr\u00e9sentation th\u00e9\u00e2trale sous une \u00ab&nbsp;drache&nbsp;\u00bb nationale&nbsp;!<\/p>\n\n\n\n<p>Nous avons aussi d\u00e9pos\u00e9 notre livre <em>\u00ab&nbsp;L\u2019encre de nos aventures&nbsp;\u00bb<\/em> \u00e0 la Biblioth\u00e8que Royale de Belgique. La boucle est boucl\u00e9e&nbsp;! Il se retrouve maintenant dans les rayons de ce lieu prestigieux. Nous nous demandons qui sont ses voisins. Peut-\u00eatre un livre qui a re\u00e7u le Prix Premi\u00e8re Victor&nbsp;? Qui sait&nbsp;!<\/p>\n\n\n<div class=\"wp-block-image\">\n<figure class=\"aligncenter size-large\"><img loading=\"lazy\" decoding=\"async\" width=\"1024\" height=\"767\" src=\"https:\/\/www.lesprojetsdumercredi.be\/odyssee\/wp-content\/uploads\/2022\/06\/bx1-1024x767.jpeg\" alt=\"\" class=\"wp-image-454\" srcset=\"https:\/\/www.lesprojetsdumercredi.be\/odyssee\/wp-content\/uploads\/2022\/06\/bx1-1024x767.jpeg 1024w, https:\/\/www.lesprojetsdumercredi.be\/odyssee\/wp-content\/uploads\/2022\/06\/bx1-300x225.jpeg 300w, https:\/\/www.lesprojetsdumercredi.be\/odyssee\/wp-content\/uploads\/2022\/06\/bx1-768x575.jpeg 768w, https:\/\/www.lesprojetsdumercredi.be\/odyssee\/wp-content\/uploads\/2022\/06\/bx1-1536x1151.jpeg 1536w, https:\/\/www.lesprojetsdumercredi.be\/odyssee\/wp-content\/uploads\/2022\/06\/bx1-360x270.jpeg 360w, https:\/\/www.lesprojetsdumercredi.be\/odyssee\/wp-content\/uploads\/2022\/06\/bx1.jpeg 2048w\" sizes=\"auto, (max-width: 1024px) 100vw, 1024px\" \/><\/figure>\n<\/div>\n\n<div class=\"wp-block-image\">\n<figure class=\"aligncenter size-large\"><img loading=\"lazy\" decoding=\"async\" width=\"768\" height=\"1024\" src=\"https:\/\/www.lesprojetsdumercredi.be\/odyssee\/wp-content\/uploads\/2022\/06\/bx2-768x1024.jpeg\" alt=\"\" class=\"wp-image-455\" srcset=\"https:\/\/www.lesprojetsdumercredi.be\/odyssee\/wp-content\/uploads\/2022\/06\/bx2-768x1024.jpeg 768w, https:\/\/www.lesprojetsdumercredi.be\/odyssee\/wp-content\/uploads\/2022\/06\/bx2-225x300.jpeg 225w, https:\/\/www.lesprojetsdumercredi.be\/odyssee\/wp-content\/uploads\/2022\/06\/bx2-1152x1536.jpeg 1152w, https:\/\/www.lesprojetsdumercredi.be\/odyssee\/wp-content\/uploads\/2022\/06\/bx2-203x270.jpeg 203w, https:\/\/www.lesprojetsdumercredi.be\/odyssee\/wp-content\/uploads\/2022\/06\/bx2.jpeg 1536w\" sizes=\"auto, (max-width: 768px) 100vw, 768px\" \/><\/figure>\n<\/div>\n\n<div class=\"wp-block-image\">\n<figure class=\"aligncenter size-large\"><img loading=\"lazy\" decoding=\"async\" width=\"1024\" height=\"768\" src=\"https:\/\/www.lesprojetsdumercredi.be\/odyssee\/wp-content\/uploads\/2022\/06\/bx3-1024x768.jpeg\" alt=\"\" class=\"wp-image-456\" srcset=\"https:\/\/www.lesprojetsdumercredi.be\/odyssee\/wp-content\/uploads\/2022\/06\/bx3-1024x768.jpeg 1024w, https:\/\/www.lesprojetsdumercredi.be\/odyssee\/wp-content\/uploads\/2022\/06\/bx3-300x225.jpeg 300w, https:\/\/www.lesprojetsdumercredi.be\/odyssee\/wp-content\/uploads\/2022\/06\/bx3-768x576.jpeg 768w, https:\/\/www.lesprojetsdumercredi.be\/odyssee\/wp-content\/uploads\/2022\/06\/bx3-1536x1152.jpeg 1536w, https:\/\/www.lesprojetsdumercredi.be\/odyssee\/wp-content\/uploads\/2022\/06\/bx3-360x270.jpeg 360w, https:\/\/www.lesprojetsdumercredi.be\/odyssee\/wp-content\/uploads\/2022\/06\/bx3.jpeg 2048w\" sizes=\"auto, (max-width: 1024px) 100vw, 1024px\" \/><\/figure>\n<\/div>\n\n\n<figure class=\"wp-block-image size-large\"><img loading=\"lazy\" decoding=\"async\" width=\"1024\" height=\"768\" src=\"https:\/\/www.lesprojetsdumercredi.be\/odyssee\/wp-content\/uploads\/2022\/06\/bx4-1024x768.jpeg\" alt=\"\" class=\"wp-image-457\" srcset=\"https:\/\/www.lesprojetsdumercredi.be\/odyssee\/wp-content\/uploads\/2022\/06\/bx4-1024x768.jpeg 1024w, https:\/\/www.lesprojetsdumercredi.be\/odyssee\/wp-content\/uploads\/2022\/06\/bx4-300x225.jpeg 300w, https:\/\/www.lesprojetsdumercredi.be\/odyssee\/wp-content\/uploads\/2022\/06\/bx4-768x576.jpeg 768w, https:\/\/www.lesprojetsdumercredi.be\/odyssee\/wp-content\/uploads\/2022\/06\/bx4-1536x1152.jpeg 1536w, https:\/\/www.lesprojetsdumercredi.be\/odyssee\/wp-content\/uploads\/2022\/06\/bx4-360x270.jpeg 360w, https:\/\/www.lesprojetsdumercredi.be\/odyssee\/wp-content\/uploads\/2022\/06\/bx4.jpeg 2048w\" sizes=\"auto, (max-width: 1024px) 100vw, 1024px\" \/><\/figure>\n","protected":false},"excerpt":{"rendered":"<p>Le lundi 23 mai, nous nous sommes rendus \u00e0 Bruxelles avec toute l\u2019\u00e9quipe de l\u2019Odyss\u00e9e. Ce fut une journ\u00e9e riche en \u00e9motions&nbsp;: voyage en train, d\u00e9couverte du Mont des Arts sous la forme d\u2019un jeu original, fl\u00e2neries dans les rues de Bruxelles, visite du d\u00e9p\u00f4t l\u00e9gal et repr\u00e9sentation th\u00e9\u00e2trale sous une \u00ab&nbsp;drache&nbsp;\u00bb nationale&nbsp;! Nous avons aussi d\u00e9pos\u00e9 notre livre \u00ab&nbsp;L\u2019encre de nos aventures&nbsp;\u00bb \u00e0 la Biblioth\u00e8que Royale de Belgique. La boucle est boucl\u00e9e&nbsp;! Il se retrouve maintenant dans les rayons&#8230;<\/p>\n<p class=\"read-more\"><a class=\"btn btn-default\" href=\"https:\/\/www.lesprojetsdumercredi.be\/odyssee\/2022\/05\/23\/excursion-a-bruxelles\/\">Lire la suite<span class=\"screen-reader-text\"> Lire la suite<\/span><\/a><\/p>\n","protected":false},"author":1,"featured_media":0,"comment_status":"open","ping_status":"open","sticky":false,"template":"","format":"standard","meta":{"footnotes":""},"categories":[4],"tags":[27,29,28,25],"class_list":["post-453","post","type-post","status-publish","format-standard","hentry","category-mercredi-apres-midi","tag-bruxelles","tag-depot-legal","tag-excursion","tag-theatre-de-rue"],"_links":{"self":[{"href":"https:\/\/www.lesprojetsdumercredi.be\/odyssee\/wp-json\/wp\/v2\/posts\/453","targetHints":{"allow":["GET"]}}],"collection":[{"href":"https:\/\/www.lesprojetsdumercredi.be\/odyssee\/wp-json\/wp\/v2\/posts"}],"about":[{"href":"https:\/\/www.lesprojetsdumercredi.be\/odyssee\/wp-json\/wp\/v2\/types\/post"}],"author":[{"embeddable":true,"href":"https:\/\/www.lesprojetsdumercredi.be\/odyssee\/wp-json\/wp\/v2\/users\/1"}],"replies":[{"embeddable":true,"href":"https:\/\/www.lesprojetsdumercredi.be\/odyssee\/wp-json\/wp\/v2\/comments?post=453"}],"version-history":[{"count":1,"href":"https:\/\/www.lesprojetsdumercredi.be\/odyssee\/wp-json\/wp\/v2\/posts\/453\/revisions"}],"predecessor-version":[{"id":458,"href":"https:\/\/www.lesprojetsdumercredi.be\/odyssee\/wp-json\/wp\/v2\/posts\/453\/revisions\/458"}],"wp:attachment":[{"href":"https:\/\/www.lesprojetsdumercredi.be\/odyssee\/wp-json\/wp\/v2\/media?parent=453"}],"wp:term":[{"taxonomy":"category","embeddable":true,"href":"https:\/\/www.lesprojetsdumercredi.be\/odyssee\/wp-json\/wp\/v2\/categories?post=453"},{"taxonomy":"post_tag","embeddable":true,"href":"https:\/\/www.lesprojetsdumercredi.be\/odyssee\/wp-json\/wp\/v2\/tags?post=453"}],"curies":[{"name":"wp","href":"https:\/\/api.w.org\/{rel}","templated":true}]}}